{"id":160,"date":"2024-06-20T11:58:00","date_gmt":"2024-06-20T11:58:00","guid":{"rendered":"https:\/\/cantor-foerderverein.de\/?p=160"},"modified":"2024-08-21T08:02:30","modified_gmt":"2024-08-21T08:02:30","slug":"bericht-des-vorstands-2023","status":"publish","type":"post","link":"https:\/\/cantor-foerderverein.de\/index.php\/2024\/06\/20\/bericht-des-vorstands-2023\/","title":{"rendered":"Bericht des Vorstands 2023"},"content":{"rendered":"\n<p>Auch im vergangenen Jahr 2023 standen die Entwicklung der Schule, die Unterst\u00fctzung aller Sch\u00fclerinnen und Sch\u00fcler und ihre F\u00f6rderung im Schwerpunktbereich Mathematik, Naturwissenschaften und Technik im Mittelpunkt unserer Arbeit.<\/p>\n\n\n\n<p>1.965,80 \u20ac haben wir in die technische Ausstattung der Schule investiert, u.a. f\u00fcr drei weitere Dokumentenkameras (im Bild rechts) zur Projektion von Schriftst\u00fccken auf den Gro\u00dfbildschirm. Die Lernwerkstatt bekam einen neuen Drucker, der wertvolle Bl\u00fcthner-Fl\u00fcgel im Saal (im Bild 2. v.l.) wurde mit neuen Rollen wieder bewegbar.<\/p>\n\n\n\n<p>Unterschiedliche Schulprojekte wurden vom F\u00f6rderverein mit insgesamt 3.051,35 \u20ac unterst\u00fctzt, so das Mathe-Theater mit \u201eDorFuchs\u201c, der Wetterballon-Flug (im Bild links), das Weihnachtskonzert in der Ulrichskirche, Vorhaben wie die \u201eEntdeckerkiste\u201c in der Projektwoche und auch der Wettbewerb zur Schulhofbegr\u00fcnung. Die neuen F\u00fcnftkl\u00e4ssler wurden mit Cantor-Planern und Portfoliomappen begr\u00fc\u00dft.<\/p>\n\n\n\n<p>Alle Sch\u00fclerinnen und Sch\u00fcler hatten die M\u00f6glichkeit, E-Book-Lizenzen ihrer Lehrb\u00fccher zu erwerben, um den Schulrucksack zu erleichtern und zus\u00e4tzliche M\u00f6glichkeiten des digitalen Lernens zu nutzen. Daf\u00fcr haben wir 1.995,78 \u20ac aufgewendet.\u00a0<\/p>\n\n\n\n<p>Die Teilnahme an MINT-Wettbewerben ist ein wichtiger Bestandteil der F\u00f6rderung. Sie erm\u00f6glicht es den Sch\u00fclerinnen und Sch\u00fclern, sich \u00fcber den regul\u00e4ren Unterricht hinaus in den naturwissenschaftlichen F\u00e4chern zu engagieren und ihre F\u00e4higkeiten in einem anspruchsvollen Wettbewerbskontext zu messen. F\u00fcr Spezialistenlager, Teilnahme und Ausrichtung von Wettbewerben haben wir 2023 insgesamt 3.555,83 \u20ac ausgegeben. Erfolgreiche Wettbewerbsteilnehmerinnen und -teilnehmer auf Landes- und Bundesebene wurden mit kleinen Buchpr\u00e4mien geehrt.<\/p>\n\n\n\n<p>Die Arbeitsgemeinschaften im Ganztagsschulbereich kommen allen interessierten Sch\u00fclerinnen und Sch\u00fclern zugute. Wir haben die Materialkosten f\u00fcr AGn \u00fcbernommen, die Schach-AG und der Chor wurden zudem bei Wettbewerben und der traditionellen Musikfahrt unterst\u00fctzt. Insgesamt haben wir hier 1.029,61 \u20ac aufgewendet.<\/p>\n\n\n\n<p>Zweckgebundene Spenden unserer Sponsoren, zu denen best\u00e4ndig die Saalesparkasse, DOW und die Heideklause z\u00e4hlen, wurden f\u00fcr die entsprechenden Projekte verwendet, z.B. den Wettbewerb StrongestStudent (im Bild 2. v.r.).<\/p>\n\n\n\n<p>Die detaillierten Einnahmen und Ausgaben des F\u00f6rdervereins k\u00f6nnen \u00fcber den untenstehenden Link eingesehen werden. Wir danken allen Mitgliedern und Spendern f\u00fcr ihre Unterst\u00fctzung, ohne die diese wertvolle Arbeit nicht m\u00f6glich w\u00e4re.<\/p>\n\n\n\n<p><a href=\"https:\/\/cantor-foerderverein.de\/wp-content\/uploads\/2024\/08\/Bericht-Geschaeftsjahr-2023.pdf\">Download Rechenschaftsbericht 2023<\/a><\/p>\n","protected":false},"excerpt":{"rendered":"<p>Mit insgesamt 13.532, 89 \u20ac konnte der F\u00f6rderverein im vergangenen Jahr 2023 das Georg-Cantor-Gymnasium unterst\u00fctzen. Dabei standen dieEntwicklung der Schule, die Unterst\u00fctzung aller Sch\u00fclerinnen und Sch\u00fcler und ihre F\u00f6rderung im Schwerpunktbereich Mathematik, Naturwissenschaften und Technik im Mittelpunkt unserer Arbeit. Wof\u00fcr das Geld im Einzelnen verwendet wurde, erfahren Sie im ausf\u00fchrlichen Beitrag.<\/p>\n","protected":false},"author":1,"featured_media":161,"comment_status":"closed","ping_status":"open","sticky":false,"template":"","format":"standard","meta":{"footnotes":""},"categories":[1],"tags":[],"class_list":["post-160","post","type-post","status-publish","format-standard","has-post-thumbnail","hentry","category-uncategorized"],"yoast_head":"<!-- This site is optimized with the Yoast SEO plugin v27.0 - https:\/\/yoast.com\/product\/yoast-seo-wordpress\/ -->\n<title>Bericht des Vorstands 2023 - Cantor-Foerderverein<\/title>\n<meta name=\"robots\" content=\"index, follow, max-snippet:-1, max-image-preview:large, max-video-preview:-1\" \/>\n<link rel=\"canonical\" href=\"https:\/\/cantor-foerderverein.de\/index.php\/2024\/06\/20\/bericht-des-vorstands-2023\/\" \/>\n<meta property=\"og:locale\" content=\"de_DE\" \/>\n<meta property=\"og:type\" content=\"article\" \/>\n<meta property=\"og:title\" content=\"Bericht des Vorstands 2023 - Cantor-Foerderverein\" \/>\n<meta property=\"og:description\" content=\"Mit insgesamt 13.532, 89 \u20ac konnte der F\u00f6rderverein im vergangenen Jahr 2023 das Georg-Cantor-Gymnasium unterst\u00fctzen. Dabei standen dieEntwicklung der Schule, die Unterst\u00fctzung aller Sch\u00fclerinnen und Sch\u00fcler und ihre F\u00f6rderung im Schwerpunktbereich Mathematik, Naturwissenschaften und Technik im Mittelpunkt unserer Arbeit. Wof\u00fcr das Geld im Einzelnen verwendet wurde, erfahren Sie im ausf\u00fchrlichen Beitrag.\" \/>\n<meta property=\"og:url\" content=\"https:\/\/cantor-foerderverein.de\/index.php\/2024\/06\/20\/bericht-des-vorstands-2023\/\" \/>\n<meta property=\"og:site_name\" content=\"Cantor-Foerderverein\" \/>\n<meta property=\"article:published_time\" content=\"2024-06-20T11:58:00+00:00\" \/>\n<meta property=\"article:modified_time\" content=\"2024-08-21T08:02:30+00:00\" \/>\n<meta property=\"og:image\" content=\"https:\/\/cantor-foerderverein.de\/wp-content\/uploads\/2024\/08\/2023.png\" \/>\n\t<meta property=\"og:image:width\" content=\"1167\" \/>\n\t<meta property=\"og:image:height\" content=\"270\" \/>\n\t<meta property=\"og:image:type\" content=\"image\/png\" \/>\n<meta name=\"author\" content=\"admin\" \/>\n<meta name=\"twitter:card\" content=\"summary_large_image\" \/>\n<meta name=\"twitter:label1\" content=\"Verfasst von\" \/>\n\t<meta name=\"twitter:data1\" content=\"admin\" \/>\n\t<meta name=\"twitter:label2\" content=\"Gesch\u00e4tzte Lesezeit\" \/>\n\t<meta name=\"twitter:data2\" content=\"2\u00a0Minuten\" \/>\n<script type=\"application\/ld+json\" class=\"yoast-schema-graph\">{\"@context\":\"https:\/\/schema.org\",\"@graph\":[{\"@type\":\"Article\",\"@id\":\"https:\/\/cantor-foerderverein.de\/index.php\/2024\/06\/20\/bericht-des-vorstands-2023\/#article\",\"isPartOf\":{\"@id\":\"https:\/\/cantor-foerderverein.de\/index.php\/2024\/06\/20\/bericht-des-vorstands-2023\/\"},\"author\":{\"name\":\"admin\",\"@id\":\"https:\/\/cantor-foerderverein.de\/#\/schema\/person\/2d8ad421658e8e2a8d0fbbafcedf0f75\"},\"headline\":\"Bericht des Vorstands 2023\",\"datePublished\":\"2024-06-20T11:58:00+00:00\",\"dateModified\":\"2024-08-21T08:02:30+00:00\",\"mainEntityOfPage\":{\"@id\":\"https:\/\/cantor-foerderverein.de\/index.php\/2024\/06\/20\/bericht-des-vorstands-2023\/\"},\"wordCount\":356,\"publisher\":{\"@id\":\"https:\/\/cantor-foerderverein.de\/#organization\"},\"image\":{\"@id\":\"https:\/\/cantor-foerderverein.de\/index.php\/2024\/06\/20\/bericht-des-vorstands-2023\/#primaryimage\"},\"thumbnailUrl\":\"https:\/\/cantor-foerderverein.de\/wp-content\/uploads\/2024\/08\/2023.png\",\"articleSection\":[\"Uncategorized\"],\"inLanguage\":\"de\"},{\"@type\":\"WebPage\",\"@id\":\"https:\/\/cantor-foerderverein.de\/index.php\/2024\/06\/20\/bericht-des-vorstands-2023\/\",\"url\":\"https:\/\/cantor-foerderverein.de\/index.php\/2024\/06\/20\/bericht-des-vorstands-2023\/\",\"name\":\"Bericht des Vorstands 2023 - Cantor-Foerderverein\",\"isPartOf\":{\"@id\":\"https:\/\/cantor-foerderverein.de\/#website\"},\"primaryImageOfPage\":{\"@id\":\"https:\/\/cantor-foerderverein.de\/index.php\/2024\/06\/20\/bericht-des-vorstands-2023\/#primaryimage\"},\"image\":{\"@id\":\"https:\/\/cantor-foerderverein.de\/index.php\/2024\/06\/20\/bericht-des-vorstands-2023\/#primaryimage\"},\"thumbnailUrl\":\"https:\/\/cantor-foerderverein.de\/wp-content\/uploads\/2024\/08\/2023.png\",\"datePublished\":\"2024-06-20T11:58:00+00:00\",\"dateModified\":\"2024-08-21T08:02:30+00:00\",\"breadcrumb\":{\"@id\":\"https:\/\/cantor-foerderverein.de\/index.php\/2024\/06\/20\/bericht-des-vorstands-2023\/#breadcrumb\"},\"inLanguage\":\"de\",\"potentialAction\":[{\"@type\":\"ReadAction\",\"target\":[\"https:\/\/cantor-foerderverein.de\/index.php\/2024\/06\/20\/bericht-des-vorstands-2023\/\"]}]},{\"@type\":\"ImageObject\",\"inLanguage\":\"de\",\"@id\":\"https:\/\/cantor-foerderverein.de\/index.php\/2024\/06\/20\/bericht-des-vorstands-2023\/#primaryimage\",\"url\":\"https:\/\/cantor-foerderverein.de\/wp-content\/uploads\/2024\/08\/2023.png\",\"contentUrl\":\"https:\/\/cantor-foerderverein.de\/wp-content\/uploads\/2024\/08\/2023.png\",\"width\":1167,\"height\":270,\"caption\":\"Das Bild ist eine Zusammenstellung von vier Bildern: Links ist zu sehen, wie Sch\u00fcler*innen einen Wetterballon steigen lassen, im 2. Bild ist ein Fl\u00fcgel mit Schutzh\u00fclle und Rollen zu sehen, im dritten Bild ist ein Sch\u00fcler bei Klimmz\u00fcgen im Rahmen eines Wettbewerbs zu sehen, das Bild ganz recht zeigt eine Dokumentenkamera\"},{\"@type\":\"BreadcrumbList\",\"@id\":\"https:\/\/cantor-foerderverein.de\/index.php\/2024\/06\/20\/bericht-des-vorstands-2023\/#breadcrumb\",\"itemListElement\":[{\"@type\":\"ListItem\",\"position\":1,\"name\":\"Startseite\",\"item\":\"https:\/\/cantor-foerderverein.de\/\"},{\"@type\":\"ListItem\",\"position\":2,\"name\":\"Bericht des Vorstands 2023\"}]},{\"@type\":\"WebSite\",\"@id\":\"https:\/\/cantor-foerderverein.de\/#website\",\"url\":\"https:\/\/cantor-foerderverein.de\/\",\"name\":\"Cantor-Foerderverein\",\"description\":\"\u00a9 2024 F\u00f6rderverein des Georg-Cantor-Gymnasiums e.V.\",\"publisher\":{\"@id\":\"https:\/\/cantor-foerderverein.de\/#organization\"},\"potentialAction\":[{\"@type\":\"SearchAction\",\"target\":{\"@type\":\"EntryPoint\",\"urlTemplate\":\"https:\/\/cantor-foerderverein.de\/?s={search_term_string}\"},\"query-input\":{\"@type\":\"PropertyValueSpecification\",\"valueRequired\":true,\"valueName\":\"search_term_string\"}}],\"inLanguage\":\"de\"},{\"@type\":\"Organization\",\"@id\":\"https:\/\/cantor-foerderverein.de\/#organization\",\"name\":\"Cantor-Foerderverein\",\"url\":\"https:\/\/cantor-foerderverein.de\/\",\"logo\":{\"@type\":\"ImageObject\",\"inLanguage\":\"de\",\"@id\":\"https:\/\/cantor-foerderverein.de\/#\/schema\/logo\/image\/\",\"url\":\"https:\/\/cantor-foerderverein.de\/wp-content\/uploads\/2024\/06\/Logo-Foerderverein.jpg\",\"contentUrl\":\"https:\/\/cantor-foerderverein.de\/wp-content\/uploads\/2024\/06\/Logo-Foerderverein.jpg\",\"width\":819,\"height\":803,\"caption\":\"Cantor-Foerderverein\"},\"image\":{\"@id\":\"https:\/\/cantor-foerderverein.de\/#\/schema\/logo\/image\/\"}},{\"@type\":\"Person\",\"@id\":\"https:\/\/cantor-foerderverein.de\/#\/schema\/person\/2d8ad421658e8e2a8d0fbbafcedf0f75\",\"name\":\"admin\",\"image\":{\"@type\":\"ImageObject\",\"inLanguage\":\"de\",\"@id\":\"https:\/\/cantor-foerderverein.de\/#\/schema\/person\/image\/\",\"url\":\"https:\/\/secure.gravatar.com\/avatar\/83bf617d9a5d6796f60995a8068b66e04a48e4d2cac6cce2f55c10e80522539f?s=96&d=mm&r=g\",\"contentUrl\":\"https:\/\/secure.gravatar.com\/avatar\/83bf617d9a5d6796f60995a8068b66e04a48e4d2cac6cce2f55c10e80522539f?s=96&d=mm&r=g\",\"caption\":\"admin\"},\"sameAs\":[\"https:\/\/cantor-foerderverein.de\"],\"url\":\"https:\/\/cantor-foerderverein.de\/index.php\/author\/cantor_admin\/\"}]}<\/script>\n<!-- \/ Yoast SEO plugin. -->","yoast_head_json":{"title":"Bericht des Vorstands 2023 - Cantor-Foerderverein","robots":{"index":"index","follow":"follow","max-snippet":"max-snippet:-1","max-image-preview":"max-image-preview:large","max-video-preview":"max-video-preview:-1"},"canonical":"https:\/\/cantor-foerderverein.de\/index.php\/2024\/06\/20\/bericht-des-vorstands-2023\/","og_locale":"de_DE","og_type":"article","og_title":"Bericht des Vorstands 2023 - Cantor-Foerderverein","og_description":"Mit insgesamt 13.532, 89 \u20ac konnte der F\u00f6rderverein im vergangenen Jahr 2023 das Georg-Cantor-Gymnasium unterst\u00fctzen. Dabei standen dieEntwicklung der Schule, die Unterst\u00fctzung aller Sch\u00fclerinnen und Sch\u00fcler und ihre F\u00f6rderung im Schwerpunktbereich Mathematik, Naturwissenschaften und Technik im Mittelpunkt unserer Arbeit. Wof\u00fcr das Geld im Einzelnen verwendet wurde, erfahren Sie im ausf\u00fchrlichen Beitrag.","og_url":"https:\/\/cantor-foerderverein.de\/index.php\/2024\/06\/20\/bericht-des-vorstands-2023\/","og_site_name":"Cantor-Foerderverein","article_published_time":"2024-06-20T11:58:00+00:00","article_modified_time":"2024-08-21T08:02:30+00:00","og_image":[{"width":1167,"height":270,"url":"https:\/\/cantor-foerderverein.de\/wp-content\/uploads\/2024\/08\/2023.png","type":"image\/png"}],"author":"admin","twitter_card":"summary_large_image","twitter_misc":{"Verfasst von":"admin","Gesch\u00e4tzte Lesezeit":"2\u00a0Minuten"},"schema":{"@context":"https:\/\/schema.org","@graph":[{"@type":"Article","@id":"https:\/\/cantor-foerderverein.de\/index.php\/2024\/06\/20\/bericht-des-vorstands-2023\/#article","isPartOf":{"@id":"https:\/\/cantor-foerderverein.de\/index.php\/2024\/06\/20\/bericht-des-vorstands-2023\/"},"author":{"name":"admin","@id":"https:\/\/cantor-foerderverein.de\/#\/schema\/person\/2d8ad421658e8e2a8d0fbbafcedf0f75"},"headline":"Bericht des Vorstands 2023","datePublished":"2024-06-20T11:58:00+00:00","dateModified":"2024-08-21T08:02:30+00:00","mainEntityOfPage":{"@id":"https:\/\/cantor-foerderverein.de\/index.php\/2024\/06\/20\/bericht-des-vorstands-2023\/"},"wordCount":356,"publisher":{"@id":"https:\/\/cantor-foerderverein.de\/#organization"},"image":{"@id":"https:\/\/cantor-foerderverein.de\/index.php\/2024\/06\/20\/bericht-des-vorstands-2023\/#primaryimage"},"thumbnailUrl":"https:\/\/cantor-foerderverein.de\/wp-content\/uploads\/2024\/08\/2023.png","articleSection":["Uncategorized"],"inLanguage":"de"},{"@type":"WebPage","@id":"https:\/\/cantor-foerderverein.de\/index.php\/2024\/06\/20\/bericht-des-vorstands-2023\/","url":"https:\/\/cantor-foerderverein.de\/index.php\/2024\/06\/20\/bericht-des-vorstands-2023\/","name":"Bericht des Vorstands 2023 - Cantor-Foerderverein","isPartOf":{"@id":"https:\/\/cantor-foerderverein.de\/#website"},"primaryImageOfPage":{"@id":"https:\/\/cantor-foerderverein.de\/index.php\/2024\/06\/20\/bericht-des-vorstands-2023\/#primaryimage"},"image":{"@id":"https:\/\/cantor-foerderverein.de\/index.php\/2024\/06\/20\/bericht-des-vorstands-2023\/#primaryimage"},"thumbnailUrl":"https:\/\/cantor-foerderverein.de\/wp-content\/uploads\/2024\/08\/2023.png","datePublished":"2024-06-20T11:58:00+00:00","dateModified":"2024-08-21T08:02:30+00:00","breadcrumb":{"@id":"https:\/\/cantor-foerderverein.de\/index.php\/2024\/06\/20\/bericht-des-vorstands-2023\/#breadcrumb"},"inLanguage":"de","potentialAction":[{"@type":"ReadAction","target":["https:\/\/cantor-foerderverein.de\/index.php\/2024\/06\/20\/bericht-des-vorstands-2023\/"]}]},{"@type":"ImageObject","inLanguage":"de","@id":"https:\/\/cantor-foerderverein.de\/index.php\/2024\/06\/20\/bericht-des-vorstands-2023\/#primaryimage","url":"https:\/\/cantor-foerderverein.de\/wp-content\/uploads\/2024\/08\/2023.png","contentUrl":"https:\/\/cantor-foerderverein.de\/wp-content\/uploads\/2024\/08\/2023.png","width":1167,"height":270,"caption":"Das Bild ist eine Zusammenstellung von vier Bildern: Links ist zu sehen, wie Sch\u00fcler*innen einen Wetterballon steigen lassen, im 2. Bild ist ein Fl\u00fcgel mit Schutzh\u00fclle und Rollen zu sehen, im dritten Bild ist ein Sch\u00fcler bei Klimmz\u00fcgen im Rahmen eines Wettbewerbs zu sehen, das Bild ganz recht zeigt eine Dokumentenkamera"},{"@type":"BreadcrumbList","@id":"https:\/\/cantor-foerderverein.de\/index.php\/2024\/06\/20\/bericht-des-vorstands-2023\/#breadcrumb","itemListElement":[{"@type":"ListItem","position":1,"name":"Startseite","item":"https:\/\/cantor-foerderverein.de\/"},{"@type":"ListItem","position":2,"name":"Bericht des Vorstands 2023"}]},{"@type":"WebSite","@id":"https:\/\/cantor-foerderverein.de\/#website","url":"https:\/\/cantor-foerderverein.de\/","name":"Cantor-Foerderverein","description":"\u00a9 2024 F\u00f6rderverein des Georg-Cantor-Gymnasiums e.V.","publisher":{"@id":"https:\/\/cantor-foerderverein.de\/#organization"},"potentialAction":[{"@type":"SearchAction","target":{"@type":"EntryPoint","urlTemplate":"https:\/\/cantor-foerderverein.de\/?s={search_term_string}"},"query-input":{"@type":"PropertyValueSpecification","valueRequired":true,"valueName":"search_term_string"}}],"inLanguage":"de"},{"@type":"Organization","@id":"https:\/\/cantor-foerderverein.de\/#organization","name":"Cantor-Foerderverein","url":"https:\/\/cantor-foerderverein.de\/","logo":{"@type":"ImageObject","inLanguage":"de","@id":"https:\/\/cantor-foerderverein.de\/#\/schema\/logo\/image\/","url":"https:\/\/cantor-foerderverein.de\/wp-content\/uploads\/2024\/06\/Logo-Foerderverein.jpg","contentUrl":"https:\/\/cantor-foerderverein.de\/wp-content\/uploads\/2024\/06\/Logo-Foerderverein.jpg","width":819,"height":803,"caption":"Cantor-Foerderverein"},"image":{"@id":"https:\/\/cantor-foerderverein.de\/#\/schema\/logo\/image\/"}},{"@type":"Person","@id":"https:\/\/cantor-foerderverein.de\/#\/schema\/person\/2d8ad421658e8e2a8d0fbbafcedf0f75","name":"admin","image":{"@type":"ImageObject","inLanguage":"de","@id":"https:\/\/cantor-foerderverein.de\/#\/schema\/person\/image\/","url":"https:\/\/secure.gravatar.com\/avatar\/83bf617d9a5d6796f60995a8068b66e04a48e4d2cac6cce2f55c10e80522539f?s=96&d=mm&r=g","contentUrl":"https:\/\/secure.gravatar.com\/avatar\/83bf617d9a5d6796f60995a8068b66e04a48e4d2cac6cce2f55c10e80522539f?s=96&d=mm&r=g","caption":"admin"},"sameAs":["https:\/\/cantor-foerderverein.de"],"url":"https:\/\/cantor-foerderverein.de\/index.php\/author\/cantor_admin\/"}]}},"_links":{"self":[{"href":"https:\/\/cantor-foerderverein.de\/index.php\/wp-json\/wp\/v2\/posts\/160","targetHints":{"allow":["GET"]}}],"collection":[{"href":"https:\/\/cantor-foerderverein.de\/index.php\/wp-json\/wp\/v2\/posts"}],"about":[{"href":"https:\/\/cantor-foerderverein.de\/index.php\/wp-json\/wp\/v2\/types\/post"}],"author":[{"embeddable":true,"href":"https:\/\/cantor-foerderverein.de\/index.php\/wp-json\/wp\/v2\/users\/1"}],"replies":[{"embeddable":true,"href":"https:\/\/cantor-foerderverein.de\/index.php\/wp-json\/wp\/v2\/comments?post=160"}],"version-history":[{"count":4,"href":"https:\/\/cantor-foerderverein.de\/index.php\/wp-json\/wp\/v2\/posts\/160\/revisions"}],"predecessor-version":[{"id":176,"href":"https:\/\/cantor-foerderverein.de\/index.php\/wp-json\/wp\/v2\/posts\/160\/revisions\/176"}],"wp:featuredmedia":[{"embeddable":true,"href":"https:\/\/cantor-foerderverein.de\/index.php\/wp-json\/wp\/v2\/media\/161"}],"wp:attachment":[{"href":"https:\/\/cantor-foerderverein.de\/index.php\/wp-json\/wp\/v2\/media?parent=160"}],"wp:term":[{"taxonomy":"category","embeddable":true,"href":"https:\/\/cantor-foerderverein.de\/index.php\/wp-json\/wp\/v2\/categories?post=160"},{"taxonomy":"post_tag","embeddable":true,"href":"https:\/\/cantor-foerderverein.de\/index.php\/wp-json\/wp\/v2\/tags?post=160"}],"curies":[{"name":"wp","href":"https:\/\/api.w.org\/{rel}","templated":true}]}}