{"id":281,"date":"2026-03-16T06:40:45","date_gmt":"2026-03-16T06:40:45","guid":{"rendered":"https:\/\/cantor-foerderverein.de\/?p=281"},"modified":"2026-03-16T06:40:46","modified_gmt":"2026-03-16T06:40:46","slug":"spezialistenlager-2026","status":"publish","type":"post","link":"https:\/\/cantor-foerderverein.de\/index.php\/2026\/03\/16\/spezialistenlager-2026\/","title":{"rendered":"Spezialistenlager 2026"},"content":{"rendered":"\n<h2 class=\"wp-block-heading\">Ein voller Erfolg dank Ihrer Unterst\u00fctzung<\/h2>\n\n\n\n<p>Auch in diesem Schuljahr konnte der F\u00f6rderverein des Cantor-Gymnasiums das traditionelle Spezialistenlager in Wittenberg erm\u00f6glichen. Vom 12. bis 16. Januar reisten ausgew\u00e4hlte Sch\u00fclerinnen und Sch\u00fcler der Klassenstufen 8 bis 11, gefolgt von den Klassenstufen 5 bis 7 vom 19. bis 23. Januar 2026, in die Lutherstadt. Im Fokus standen intensive Trainingseinheiten zur Vorbereitung auf die Mathematikolympiade. Die Teilnehmenden arbeiteten an anspruchsvollen Aufgaben, vertieften ihre mathematischen F\u00e4higkeiten und bereiteten sich gezielt auf die Wettbewerbe vor.<\/p>\n\n\n\n<p>Doch nicht nur der fachliche Austausch stand auf dem Programm: Museumsbesuche, F\u00fchrungen, Spiele und sportliche Aktivit\u00e4ten sorgten f\u00fcr Abwechslung und st\u00e4rkten den Teamgeist der jungen Mathematiktalente.<\/p>\n\n\n\n<h2 class=\"wp-block-heading\">Erfolgreiche Teilnahme an der Landesrunde<\/h2>\n\n\n\n<p>Die intensive Vorbereitung trug Fr\u00fcchte! Bei der Landesrunde der 65. Mathematikolympiade in Magdeburg \u00fcberzeugten zahlreiche Cantorianerinnen und Cantorianer mit herausragenden Leistungen und errangen viele Preise. Besonders stolz sind wir, dass der Wanderpokal f\u00fcr die \u201eErfolgreichste Schule bei der Landesrunde Sachsen-Anhalt\u201c erneut nach Halle geholt werden konnte.<\/p>\n\n\n\n<h2 class=\"wp-block-heading\">Gemeinsam mehr erreichen<\/h2>\n\n\n\n<p>Durch die Unterst\u00fctzung unserer Mitglieder konnten wir die Fahrt- und Unterkunftskosten f\u00fcr das Spezialistenlager in Wittenberg mitfinanzieren und den Reisebus f\u00fcr die Fahrt zur Landesrunde bereitstellen. So schaffen wir wichtige M\u00f6glichkeiten, um begabte Sch\u00fclerinnen und Sch\u00fcler in den Naturwissenschaften gezielt zu f\u00f6rdern und ihre Talente weiterzuentwickeln.<\/p>\n\n\n\n<p>Ihre Mitgliedschaft macht solche Projekte m\u00f6glich! Gemeinsam schaffen wir Raum f\u00fcr Bildungserfolge und unvergessliche Erlebnisse.<\/p>\n\n\n\n<p><\/p>\n","protected":false},"excerpt":{"rendered":"<p>Vom 12. bis 23. Januar 2026 fand das traditionelle Spezialistenlager f\u00fcr unsere Mathematik-Talente statt. Dank der Unterst\u00fctzung des F\u00f6rdervereins konnten Sch\u00fclerinnen und Sch\u00fcler der Klassen 5 bis 11 intensiv f\u00fcr die Mathematikolympiade trainieren \u2013 mit gro\u00dfem Erfolg! Bei der Landesrunde in Magdeburg holten sie zahlreiche Preise und den Wanderpokal f\u00fcr die erfolgreichste Schule Sachsen-Anhalts.<\/p>\n","protected":false},"author":1,"featured_media":282,"comment_status":"closed","ping_status":"open","sticky":false,"template":"","format":"standard","meta":{"footnotes":""},"categories":[1],"tags":[],"class_list":["post-281","post","type-post","status-publish","format-standard","has-post-thumbnail","hentry","category-uncategorized"],"yoast_head":"<!-- This site is optimized with the Yoast SEO plugin v27.0 - https:\/\/yoast.com\/product\/yoast-seo-wordpress\/ -->\n<title>Spezialistenlager 2026 - Cantor-Foerderverein<\/title>\n<meta name=\"robots\" content=\"index, follow, max-snippet:-1, max-image-preview:large, max-video-preview:-1\" \/>\n<link rel=\"canonical\" href=\"https:\/\/cantor-foerderverein.de\/index.php\/2026\/03\/16\/spezialistenlager-2026\/\" \/>\n<meta property=\"og:locale\" content=\"de_DE\" \/>\n<meta property=\"og:type\" content=\"article\" \/>\n<meta property=\"og:title\" content=\"Spezialistenlager 2026 - Cantor-Foerderverein\" \/>\n<meta property=\"og:description\" content=\"Vom 12. bis 23. Januar 2026 fand das traditionelle Spezialistenlager f\u00fcr unsere Mathematik-Talente statt. Dank der Unterst\u00fctzung des F\u00f6rdervereins konnten Sch\u00fclerinnen und Sch\u00fcler der Klassen 5 bis 11 intensiv f\u00fcr die Mathematikolympiade trainieren \u2013 mit gro\u00dfem Erfolg! Bei der Landesrunde in Magdeburg holten sie zahlreiche Preise und den Wanderpokal f\u00fcr die erfolgreichste Schule Sachsen-Anhalts.\" \/>\n<meta property=\"og:url\" content=\"https:\/\/cantor-foerderverein.de\/index.php\/2026\/03\/16\/spezialistenlager-2026\/\" \/>\n<meta property=\"og:site_name\" content=\"Cantor-Foerderverein\" \/>\n<meta property=\"article:published_time\" content=\"2026-03-16T06:40:45+00:00\" \/>\n<meta property=\"article:modified_time\" content=\"2026-03-16T06:40:46+00:00\" \/>\n<meta property=\"og:image\" content=\"https:\/\/cantor-foerderverein.de\/wp-content\/uploads\/2026\/03\/3a9b4a4e-6bb7-4b96-b920-0f44a4f6a4b3.jpg\" \/>\n\t<meta property=\"og:image:width\" content=\"1364\" \/>\n\t<meta property=\"og:image:height\" content=\"1002\" \/>\n\t<meta property=\"og:image:type\" content=\"image\/jpeg\" \/>\n<meta name=\"author\" content=\"admin\" \/>\n<meta name=\"twitter:card\" content=\"summary_large_image\" \/>\n<meta name=\"twitter:label1\" content=\"Verfasst von\" \/>\n\t<meta name=\"twitter:data1\" content=\"admin\" \/>\n\t<meta name=\"twitter:label2\" content=\"Gesch\u00e4tzte Lesezeit\" \/>\n\t<meta name=\"twitter:data2\" content=\"2\u00a0Minuten\" \/>\n<script type=\"application\/ld+json\" class=\"yoast-schema-graph\">{\"@context\":\"https:\/\/schema.org\",\"@graph\":[{\"@type\":\"Article\",\"@id\":\"https:\/\/cantor-foerderverein.de\/index.php\/2026\/03\/16\/spezialistenlager-2026\/#article\",\"isPartOf\":{\"@id\":\"https:\/\/cantor-foerderverein.de\/index.php\/2026\/03\/16\/spezialistenlager-2026\/\"},\"author\":{\"name\":\"admin\",\"@id\":\"https:\/\/cantor-foerderverein.de\/#\/schema\/person\/2d8ad421658e8e2a8d0fbbafcedf0f75\"},\"headline\":\"Spezialistenlager 2026\",\"datePublished\":\"2026-03-16T06:40:45+00:00\",\"dateModified\":\"2026-03-16T06:40:46+00:00\",\"mainEntityOfPage\":{\"@id\":\"https:\/\/cantor-foerderverein.de\/index.php\/2026\/03\/16\/spezialistenlager-2026\/\"},\"wordCount\":234,\"publisher\":{\"@id\":\"https:\/\/cantor-foerderverein.de\/#organization\"},\"image\":{\"@id\":\"https:\/\/cantor-foerderverein.de\/index.php\/2026\/03\/16\/spezialistenlager-2026\/#primaryimage\"},\"thumbnailUrl\":\"https:\/\/cantor-foerderverein.de\/wp-content\/uploads\/2026\/03\/3a9b4a4e-6bb7-4b96-b920-0f44a4f6a4b3.jpg\",\"articleSection\":[\"Uncategorized\"],\"inLanguage\":\"de\"},{\"@type\":\"WebPage\",\"@id\":\"https:\/\/cantor-foerderverein.de\/index.php\/2026\/03\/16\/spezialistenlager-2026\/\",\"url\":\"https:\/\/cantor-foerderverein.de\/index.php\/2026\/03\/16\/spezialistenlager-2026\/\",\"name\":\"Spezialistenlager 2026 - Cantor-Foerderverein\",\"isPartOf\":{\"@id\":\"https:\/\/cantor-foerderverein.de\/#website\"},\"primaryImageOfPage\":{\"@id\":\"https:\/\/cantor-foerderverein.de\/index.php\/2026\/03\/16\/spezialistenlager-2026\/#primaryimage\"},\"image\":{\"@id\":\"https:\/\/cantor-foerderverein.de\/index.php\/2026\/03\/16\/spezialistenlager-2026\/#primaryimage\"},\"thumbnailUrl\":\"https:\/\/cantor-foerderverein.de\/wp-content\/uploads\/2026\/03\/3a9b4a4e-6bb7-4b96-b920-0f44a4f6a4b3.jpg\",\"datePublished\":\"2026-03-16T06:40:45+00:00\",\"dateModified\":\"2026-03-16T06:40:46+00:00\",\"breadcrumb\":{\"@id\":\"https:\/\/cantor-foerderverein.de\/index.php\/2026\/03\/16\/spezialistenlager-2026\/#breadcrumb\"},\"inLanguage\":\"de\",\"potentialAction\":[{\"@type\":\"ReadAction\",\"target\":[\"https:\/\/cantor-foerderverein.de\/index.php\/2026\/03\/16\/spezialistenlager-2026\/\"]}]},{\"@type\":\"ImageObject\",\"inLanguage\":\"de\",\"@id\":\"https:\/\/cantor-foerderverein.de\/index.php\/2026\/03\/16\/spezialistenlager-2026\/#primaryimage\",\"url\":\"https:\/\/cantor-foerderverein.de\/wp-content\/uploads\/2026\/03\/3a9b4a4e-6bb7-4b96-b920-0f44a4f6a4b3.jpg\",\"contentUrl\":\"https:\/\/cantor-foerderverein.de\/wp-content\/uploads\/2026\/03\/3a9b4a4e-6bb7-4b96-b920-0f44a4f6a4b3.jpg\",\"width\":1364,\"height\":1002,\"caption\":\"Sch\u00fcler*innen des Cantor-Gymnasiums w\u00e4hrend des Spezialistenlagers in Wittenberg, reflektiert in einer runden Metallskulptur mit Zeitreise-Motiv. Im Hintergrund sind die Lutherstadt Wittenberg und der Eingang zum Science Center zu erkennen.\"},{\"@type\":\"BreadcrumbList\",\"@id\":\"https:\/\/cantor-foerderverein.de\/index.php\/2026\/03\/16\/spezialistenlager-2026\/#breadcrumb\",\"itemListElement\":[{\"@type\":\"ListItem\",\"position\":1,\"name\":\"Startseite\",\"item\":\"https:\/\/cantor-foerderverein.de\/\"},{\"@type\":\"ListItem\",\"position\":2,\"name\":\"Spezialistenlager 2026\"}]},{\"@type\":\"WebSite\",\"@id\":\"https:\/\/cantor-foerderverein.de\/#website\",\"url\":\"https:\/\/cantor-foerderverein.de\/\",\"name\":\"Cantor-Foerderverein\",\"description\":\"\u00a9 2024 F\u00f6rderverein des Georg-Cantor-Gymnasiums e.V.\",\"publisher\":{\"@id\":\"https:\/\/cantor-foerderverein.de\/#organization\"},\"potentialAction\":[{\"@type\":\"SearchAction\",\"target\":{\"@type\":\"EntryPoint\",\"urlTemplate\":\"https:\/\/cantor-foerderverein.de\/?s={search_term_string}\"},\"query-input\":{\"@type\":\"PropertyValueSpecification\",\"valueRequired\":true,\"valueName\":\"search_term_string\"}}],\"inLanguage\":\"de\"},{\"@type\":\"Organization\",\"@id\":\"https:\/\/cantor-foerderverein.de\/#organization\",\"name\":\"Cantor-Foerderverein\",\"url\":\"https:\/\/cantor-foerderverein.de\/\",\"logo\":{\"@type\":\"ImageObject\",\"inLanguage\":\"de\",\"@id\":\"https:\/\/cantor-foerderverein.de\/#\/schema\/logo\/image\/\",\"url\":\"https:\/\/cantor-foerderverein.de\/wp-content\/uploads\/2024\/06\/Logo-Foerderverein.jpg\",\"contentUrl\":\"https:\/\/cantor-foerderverein.de\/wp-content\/uploads\/2024\/06\/Logo-Foerderverein.jpg\",\"width\":819,\"height\":803,\"caption\":\"Cantor-Foerderverein\"},\"image\":{\"@id\":\"https:\/\/cantor-foerderverein.de\/#\/schema\/logo\/image\/\"}},{\"@type\":\"Person\",\"@id\":\"https:\/\/cantor-foerderverein.de\/#\/schema\/person\/2d8ad421658e8e2a8d0fbbafcedf0f75\",\"name\":\"admin\",\"image\":{\"@type\":\"ImageObject\",\"inLanguage\":\"de\",\"@id\":\"https:\/\/cantor-foerderverein.de\/#\/schema\/person\/image\/\",\"url\":\"https:\/\/secure.gravatar.com\/avatar\/83bf617d9a5d6796f60995a8068b66e04a48e4d2cac6cce2f55c10e80522539f?s=96&d=mm&r=g\",\"contentUrl\":\"https:\/\/secure.gravatar.com\/avatar\/83bf617d9a5d6796f60995a8068b66e04a48e4d2cac6cce2f55c10e80522539f?s=96&d=mm&r=g\",\"caption\":\"admin\"},\"sameAs\":[\"https:\/\/cantor-foerderverein.de\"],\"url\":\"https:\/\/cantor-foerderverein.de\/index.php\/author\/cantor_admin\/\"}]}<\/script>\n<!-- \/ Yoast SEO plugin. -->","yoast_head_json":{"title":"Spezialistenlager 2026 - Cantor-Foerderverein","robots":{"index":"index","follow":"follow","max-snippet":"max-snippet:-1","max-image-preview":"max-image-preview:large","max-video-preview":"max-video-preview:-1"},"canonical":"https:\/\/cantor-foerderverein.de\/index.php\/2026\/03\/16\/spezialistenlager-2026\/","og_locale":"de_DE","og_type":"article","og_title":"Spezialistenlager 2026 - Cantor-Foerderverein","og_description":"Vom 12. bis 23. Januar 2026 fand das traditionelle Spezialistenlager f\u00fcr unsere Mathematik-Talente statt. Dank der Unterst\u00fctzung des F\u00f6rdervereins konnten Sch\u00fclerinnen und Sch\u00fcler der Klassen 5 bis 11 intensiv f\u00fcr die Mathematikolympiade trainieren \u2013 mit gro\u00dfem Erfolg! Bei der Landesrunde in Magdeburg holten sie zahlreiche Preise und den Wanderpokal f\u00fcr die erfolgreichste Schule Sachsen-Anhalts.","og_url":"https:\/\/cantor-foerderverein.de\/index.php\/2026\/03\/16\/spezialistenlager-2026\/","og_site_name":"Cantor-Foerderverein","article_published_time":"2026-03-16T06:40:45+00:00","article_modified_time":"2026-03-16T06:40:46+00:00","og_image":[{"width":1364,"height":1002,"url":"https:\/\/cantor-foerderverein.de\/wp-content\/uploads\/2026\/03\/3a9b4a4e-6bb7-4b96-b920-0f44a4f6a4b3.jpg","type":"image\/jpeg"}],"author":"admin","twitter_card":"summary_large_image","twitter_misc":{"Verfasst von":"admin","Gesch\u00e4tzte Lesezeit":"2\u00a0Minuten"},"schema":{"@context":"https:\/\/schema.org","@graph":[{"@type":"Article","@id":"https:\/\/cantor-foerderverein.de\/index.php\/2026\/03\/16\/spezialistenlager-2026\/#article","isPartOf":{"@id":"https:\/\/cantor-foerderverein.de\/index.php\/2026\/03\/16\/spezialistenlager-2026\/"},"author":{"name":"admin","@id":"https:\/\/cantor-foerderverein.de\/#\/schema\/person\/2d8ad421658e8e2a8d0fbbafcedf0f75"},"headline":"Spezialistenlager 2026","datePublished":"2026-03-16T06:40:45+00:00","dateModified":"2026-03-16T06:40:46+00:00","mainEntityOfPage":{"@id":"https:\/\/cantor-foerderverein.de\/index.php\/2026\/03\/16\/spezialistenlager-2026\/"},"wordCount":234,"publisher":{"@id":"https:\/\/cantor-foerderverein.de\/#organization"},"image":{"@id":"https:\/\/cantor-foerderverein.de\/index.php\/2026\/03\/16\/spezialistenlager-2026\/#primaryimage"},"thumbnailUrl":"https:\/\/cantor-foerderverein.de\/wp-content\/uploads\/2026\/03\/3a9b4a4e-6bb7-4b96-b920-0f44a4f6a4b3.jpg","articleSection":["Uncategorized"],"inLanguage":"de"},{"@type":"WebPage","@id":"https:\/\/cantor-foerderverein.de\/index.php\/2026\/03\/16\/spezialistenlager-2026\/","url":"https:\/\/cantor-foerderverein.de\/index.php\/2026\/03\/16\/spezialistenlager-2026\/","name":"Spezialistenlager 2026 - Cantor-Foerderverein","isPartOf":{"@id":"https:\/\/cantor-foerderverein.de\/#website"},"primaryImageOfPage":{"@id":"https:\/\/cantor-foerderverein.de\/index.php\/2026\/03\/16\/spezialistenlager-2026\/#primaryimage"},"image":{"@id":"https:\/\/cantor-foerderverein.de\/index.php\/2026\/03\/16\/spezialistenlager-2026\/#primaryimage"},"thumbnailUrl":"https:\/\/cantor-foerderverein.de\/wp-content\/uploads\/2026\/03\/3a9b4a4e-6bb7-4b96-b920-0f44a4f6a4b3.jpg","datePublished":"2026-03-16T06:40:45+00:00","dateModified":"2026-03-16T06:40:46+00:00","breadcrumb":{"@id":"https:\/\/cantor-foerderverein.de\/index.php\/2026\/03\/16\/spezialistenlager-2026\/#breadcrumb"},"inLanguage":"de","potentialAction":[{"@type":"ReadAction","target":["https:\/\/cantor-foerderverein.de\/index.php\/2026\/03\/16\/spezialistenlager-2026\/"]}]},{"@type":"ImageObject","inLanguage":"de","@id":"https:\/\/cantor-foerderverein.de\/index.php\/2026\/03\/16\/spezialistenlager-2026\/#primaryimage","url":"https:\/\/cantor-foerderverein.de\/wp-content\/uploads\/2026\/03\/3a9b4a4e-6bb7-4b96-b920-0f44a4f6a4b3.jpg","contentUrl":"https:\/\/cantor-foerderverein.de\/wp-content\/uploads\/2026\/03\/3a9b4a4e-6bb7-4b96-b920-0f44a4f6a4b3.jpg","width":1364,"height":1002,"caption":"Sch\u00fcler*innen des Cantor-Gymnasiums w\u00e4hrend des Spezialistenlagers in Wittenberg, reflektiert in einer runden Metallskulptur mit Zeitreise-Motiv. Im Hintergrund sind die Lutherstadt Wittenberg und der Eingang zum Science Center zu erkennen."},{"@type":"BreadcrumbList","@id":"https:\/\/cantor-foerderverein.de\/index.php\/2026\/03\/16\/spezialistenlager-2026\/#breadcrumb","itemListElement":[{"@type":"ListItem","position":1,"name":"Startseite","item":"https:\/\/cantor-foerderverein.de\/"},{"@type":"ListItem","position":2,"name":"Spezialistenlager 2026"}]},{"@type":"WebSite","@id":"https:\/\/cantor-foerderverein.de\/#website","url":"https:\/\/cantor-foerderverein.de\/","name":"Cantor-Foerderverein","description":"\u00a9 2024 F\u00f6rderverein des Georg-Cantor-Gymnasiums e.V.","publisher":{"@id":"https:\/\/cantor-foerderverein.de\/#organization"},"potentialAction":[{"@type":"SearchAction","target":{"@type":"EntryPoint","urlTemplate":"https:\/\/cantor-foerderverein.de\/?s={search_term_string}"},"query-input":{"@type":"PropertyValueSpecification","valueRequired":true,"valueName":"search_term_string"}}],"inLanguage":"de"},{"@type":"Organization","@id":"https:\/\/cantor-foerderverein.de\/#organization","name":"Cantor-Foerderverein","url":"https:\/\/cantor-foerderverein.de\/","logo":{"@type":"ImageObject","inLanguage":"de","@id":"https:\/\/cantor-foerderverein.de\/#\/schema\/logo\/image\/","url":"https:\/\/cantor-foerderverein.de\/wp-content\/uploads\/2024\/06\/Logo-Foerderverein.jpg","contentUrl":"https:\/\/cantor-foerderverein.de\/wp-content\/uploads\/2024\/06\/Logo-Foerderverein.jpg","width":819,"height":803,"caption":"Cantor-Foerderverein"},"image":{"@id":"https:\/\/cantor-foerderverein.de\/#\/schema\/logo\/image\/"}},{"@type":"Person","@id":"https:\/\/cantor-foerderverein.de\/#\/schema\/person\/2d8ad421658e8e2a8d0fbbafcedf0f75","name":"admin","image":{"@type":"ImageObject","inLanguage":"de","@id":"https:\/\/cantor-foerderverein.de\/#\/schema\/person\/image\/","url":"https:\/\/secure.gravatar.com\/avatar\/83bf617d9a5d6796f60995a8068b66e04a48e4d2cac6cce2f55c10e80522539f?s=96&d=mm&r=g","contentUrl":"https:\/\/secure.gravatar.com\/avatar\/83bf617d9a5d6796f60995a8068b66e04a48e4d2cac6cce2f55c10e80522539f?s=96&d=mm&r=g","caption":"admin"},"sameAs":["https:\/\/cantor-foerderverein.de"],"url":"https:\/\/cantor-foerderverein.de\/index.php\/author\/cantor_admin\/"}]}},"_links":{"self":[{"href":"https:\/\/cantor-foerderverein.de\/index.php\/wp-json\/wp\/v2\/posts\/281","targetHints":{"allow":["GET"]}}],"collection":[{"href":"https:\/\/cantor-foerderverein.de\/index.php\/wp-json\/wp\/v2\/posts"}],"about":[{"href":"https:\/\/cantor-foerderverein.de\/index.php\/wp-json\/wp\/v2\/types\/post"}],"author":[{"embeddable":true,"href":"https:\/\/cantor-foerderverein.de\/index.php\/wp-json\/wp\/v2\/users\/1"}],"replies":[{"embeddable":true,"href":"https:\/\/cantor-foerderverein.de\/index.php\/wp-json\/wp\/v2\/comments?post=281"}],"version-history":[{"count":1,"href":"https:\/\/cantor-foerderverein.de\/index.php\/wp-json\/wp\/v2\/posts\/281\/revisions"}],"predecessor-version":[{"id":284,"href":"https:\/\/cantor-foerderverein.de\/index.php\/wp-json\/wp\/v2\/posts\/281\/revisions\/284"}],"wp:featuredmedia":[{"embeddable":true,"href":"https:\/\/cantor-foerderverein.de\/index.php\/wp-json\/wp\/v2\/media\/282"}],"wp:attachment":[{"href":"https:\/\/cantor-foerderverein.de\/index.php\/wp-json\/wp\/v2\/media?parent=281"}],"wp:term":[{"taxonomy":"category","embeddable":true,"href":"https:\/\/cantor-foerderverein.de\/index.php\/wp-json\/wp\/v2\/categories?post=281"},{"taxonomy":"post_tag","embeddable":true,"href":"https:\/\/cantor-foerderverein.de\/index.php\/wp-json\/wp\/v2\/tags?post=281"}],"curies":[{"name":"wp","href":"https:\/\/api.w.org\/{rel}","templated":true}]}}